{"id":851381,"date":"2024-09-26T16:30:46","date_gmt":"2024-09-26T13:30:46","guid":{"rendered":"https:\/\/www.cactus-online.net\/garden-expo\/"},"modified":"2024-09-26T16:30:47","modified_gmt":"2024-09-26T13:30:47","slug":"garden-expo","status":"publish","type":"post","link":"https:\/\/www.cactus-online.net\/cs\/garden-expo\/","title":{"rendered":"GARDEN EXPO"},"content":{"rendered":"\t\t<div data-elementor-type=\"wp-post\" data-elementor-id=\"851381\" class=\"elementor elementor-851381 elementor-460909\">\n\t\t\t\t\t\t<section class=\"elementor-section elementor-top-section elementor-element elementor-element-c40bbba elementor-section-boxed elementor-section-height-default elementor-section-height-default\" data-id=\"c40bbba\" data-element_type=\"section\">\n\t\t\t\t\t\t<div class=\"elementor-container elementor-column-gap-default\">\n\t\t\t\t\t<div class=\"elementor-column elementor-col-100 elementor-top-column elementor-element elementor-element-20d3a5a\" data-id=\"20d3a5a\" data-element_type=\"column\">\n\t\t\t<div class=\"elementor-widget-wrap elementor-element-populated\">\n\t\t\t\t\t\t<div class=\"elementor-element elementor-element-3bd9c44 elementor-widget elementor-widget-text-editor\" data-id=\"3bd9c44\" data-element_type=\"widget\" data-widget_type=\"text-editor.default\">\n\t\t\t\t<div class=\"elementor-widget-container\">\n\t\t\t\t\t\t\t\t\t<p><strong>Zveme v\u00e1s na \u00fa\u017easnou a barevnou ud\u00e1lost &#8211; <a href=\"https:\/\/serdikacenter.bg\/event\/402\" target=\"_blank\" rel=\"noopener\">GARDEN EXPO, kter\u00e1 se kon\u00e1 od 12. do 14<\/a>. dubna, od 11:00 do 20:00, na \u00farovni -1. P\u0159edstav\u00edme v\u00e1m na\u0161e kaktusy, sukulenty a tropick\u00e9 rostliny! <\/strong><\/p>\n<p><strong>Zveme v\u00e1s na \u00fa\u017easnou a barevnou ud\u00e1lost &#8211; GARDEN EXPO, kter\u00e1 se kon\u00e1 od 12. do 14. dubna, od 11:00 do 20:00, na \u00farovni -1. P\u0159edstav\u00edme v\u00e1m na\u0161e kaktusy, sukulenty a tropick\u00e9 rostliny! <\/strong><\/p>\n<p><strong>Najd\u011bte n\u00e1s tam od p\u00e1tku!<\/strong><\/p>\n\t\t\t\t\t\t\t\t<\/div>\n\t\t\t\t<\/div>\n\t\t\t\t\t<\/div>\n\t\t<\/div>\n\t\t\t\t\t<\/div>\n\t\t<\/section>\n\t\t\t\t<\/div>\n\t\t","protected":false},"excerpt":{"rendered":"<p>Zveme v\u00e1s na \u00fa\u017easnou a barevnou ud\u00e1lost &#8211; GARDEN EXPO, kter\u00e1 se kon\u00e1 od 12. do 14. dubna, od 11:00 do 20:00, na \u00farovni -1. P\u0159edstav\u00edme<span class=\"excerpt-hellip\"> [\u2026]<\/span><\/p>\n","protected":false},"author":1,"featured_media":0,"comment_status":"closed","ping_status":"closed","sticky":false,"template":"","format":"standard","meta":{"footnotes":""},"categories":[1170],"tags":[],"class_list":["post-851381","post","type-post","status-publish","format-standard","hentry","category-zpravy"],"_links":{"self":[{"href":"https:\/\/www.cactus-online.net\/cs\/wp-json\/wp\/v2\/posts\/851381","targetHints":{"allow":["GET"]}}],"collection":[{"href":"https:\/\/www.cactus-online.net\/cs\/wp-json\/wp\/v2\/posts"}],"about":[{"href":"https:\/\/www.cactus-online.net\/cs\/wp-json\/wp\/v2\/types\/post"}],"author":[{"embeddable":true,"href":"https:\/\/www.cactus-online.net\/cs\/wp-json\/wp\/v2\/users\/1"}],"replies":[{"embeddable":true,"href":"https:\/\/www.cactus-online.net\/cs\/wp-json\/wp\/v2\/comments?post=851381"}],"version-history":[{"count":1,"href":"https:\/\/www.cactus-online.net\/cs\/wp-json\/wp\/v2\/posts\/851381\/revisions"}],"predecessor-version":[{"id":851383,"href":"https:\/\/www.cactus-online.net\/cs\/wp-json\/wp\/v2\/posts\/851381\/revisions\/851383"}],"wp:attachment":[{"href":"https:\/\/www.cactus-online.net\/cs\/wp-json\/wp\/v2\/media?parent=851381"}],"wp:term":[{"taxonomy":"category","embeddable":true,"href":"https:\/\/www.cactus-online.net\/cs\/wp-json\/wp\/v2\/categories?post=851381"},{"taxonomy":"post_tag","embeddable":true,"href":"https:\/\/www.cactus-online.net\/cs\/wp-json\/wp\/v2\/tags?post=851381"}],"curies":[{"name":"wp","href":"https:\/\/api.w.org\/{rel}","templated":true}]}}